{"id":4112,"date":"2024-11-16T15:46:24","date_gmt":"2024-11-16T14:46:24","guid":{"rendered":"https:\/\/matulewiczpaslek.pl\/?p=4112"},"modified":"2024-11-16T15:46:24","modified_gmt":"2024-11-16T14:46:24","slug":"komunikat-dla-wiernych-swieckich-osob-zycia-konsekrowanego-oraz-duchowienstwa-diecezji-elblaskiej","status":"publish","type":"post","link":"https:\/\/matulewiczpaslek.pl\/index.php\/2024\/11\/16\/komunikat-dla-wiernych-swieckich-osob-zycia-konsekrowanego-oraz-duchowienstwa-diecezji-elblaskiej\/","title":{"rendered":"Komunikat dla wiernych \u015bwieckich, os\u00f3b \u017cycia konsekrowanego oraz duchowie\u0144stwa diecezji elbl\u0105skiej"},"content":{"rendered":"<div>Kuria diecezji elbl\u0105skiej podaje do wiadomo\u015bci, \u017ce biskup elbl\u0105ski Jacek Jezierski, zgodnie z przepisami prawa kanonicznego, z\u0142o\u017cy\u0142 na r\u0119ce papie\u017ca Franciszka rezygnacj\u0119 z pe\u0142nionego urz\u0119du. Powodem rezygnacji jest wiek biskupa. R\u00f3wnocze\u015bnie biskup elbl\u0105ski prosi o modlitw\u0119 w intencji wyboru jego nast\u0119pcy w urz\u0119dzie.<\/div>\n<div><\/div>\n<div style=\"text-align: center;\">ks. Zdzis\u0142aw Bieg<\/div>\n<div style=\"text-align: center;\">kanclerz kurii<\/div>\n<div><\/div>\n<div style=\"text-align: center;\">Elbl\u0105g, dn. 14 listopada 2024<\/div>\n","protected":false},"excerpt":{"rendered":"<p>Kuria diecezji elbl\u0105skiej podaje do wiadomo\u015bci, \u017ce biskup elbl\u0105ski Jacek Jezierski, zgodnie z przepisami prawa kanonicznego, z\u0142o\u017cy\u0142 na r\u0119ce papie\u017ca Franciszka rezygnacj\u0119 z pe\u0142nionego urz\u0119du. Powodem rezygnacji jest wiek biskupa. R\u00f3wnocze\u015bnie biskup elbl\u0105ski prosi o modlitw\u0119 w intencji wyboru jego nast\u0119pcy w urz\u0119dzie. ks. Zdzis\u0142aw Bieg kanclerz kurii Elbl\u0105g, dn. 14 listopada 2024<\/p>\n","protected":false},"author":1,"featured_media":3340,"comment_status":"closed","ping_status":"closed","sticky":false,"template":"","format":"standard","meta":{"footnotes":"","_links_to":"","_links_to_target":""},"categories":[68,67],"tags":[],"class_list":["post-4112","post","type-post","status-publish","format-standard","has-post-thumbnail","hentry","category-kosciol","category-wydarzenia"],"_links":{"self":[{"href":"https:\/\/matulewiczpaslek.pl\/index.php\/wp-json\/wp\/v2\/posts\/4112","targetHints":{"allow":["GET"]}}],"collection":[{"href":"https:\/\/matulewiczpaslek.pl\/index.php\/wp-json\/wp\/v2\/posts"}],"about":[{"href":"https:\/\/matulewiczpaslek.pl\/index.php\/wp-json\/wp\/v2\/types\/post"}],"author":[{"embeddable":true,"href":"https:\/\/matulewiczpaslek.pl\/index.php\/wp-json\/wp\/v2\/users\/1"}],"replies":[{"embeddable":true,"href":"https:\/\/matulewiczpaslek.pl\/index.php\/wp-json\/wp\/v2\/comments?post=4112"}],"version-history":[{"count":1,"href":"https:\/\/matulewiczpaslek.pl\/index.php\/wp-json\/wp\/v2\/posts\/4112\/revisions"}],"predecessor-version":[{"id":4113,"href":"https:\/\/matulewiczpaslek.pl\/index.php\/wp-json\/wp\/v2\/posts\/4112\/revisions\/4113"}],"wp:featuredmedia":[{"embeddable":true,"href":"https:\/\/matulewiczpaslek.pl\/index.php\/wp-json\/wp\/v2\/media\/3340"}],"wp:attachment":[{"href":"https:\/\/matulewiczpaslek.pl\/index.php\/wp-json\/wp\/v2\/media?parent=4112"}],"wp:term":[{"taxonomy":"category","embeddable":true,"href":"https:\/\/matulewiczpaslek.pl\/index.php\/wp-json\/wp\/v2\/categories?post=4112"},{"taxonomy":"post_tag","embeddable":true,"href":"https:\/\/matulewiczpaslek.pl\/index.php\/wp-json\/wp\/v2\/tags?post=4112"}],"curies":[{"name":"wp","href":"https:\/\/api.w.org\/{rel}","templated":true}]}}