{"id":4016,"date":"2024-08-27T20:36:27","date_gmt":"2024-08-27T18:36:27","guid":{"rendered":"https:\/\/matulewiczpaslek.pl\/?p=4016"},"modified":"2024-08-27T20:36:27","modified_gmt":"2024-08-27T18:36:27","slug":"standardy-ochrony-dzieci-i-doroslych-bezbronnych","status":"publish","type":"post","link":"https:\/\/matulewiczpaslek.pl\/index.php\/2024\/08\/27\/standardy-ochrony-dzieci-i-doroslych-bezbronnych\/","title":{"rendered":"Standardy ochrony dzieci i doros\u0142ych bezbronnych"},"content":{"rendered":"<p>Zamieszczony dokument stanowi realizacj\u0119 obowi\u0105zku prawnego dotycz\u0105cego wprowadzenia we wszelkich instytucjach, w kt\u00f3rych przebywaj\u0105 dzieci, standard\u00f3w ich ochrony przed krzywdzeniem [<em>Ustawa z dnia 28 lipca 2023 roku o zmianie ustawy Kodeks rodzinny i opieku\u0144czy oraz niekt\u00f3rych innych ustaw<\/em>\u00a0(Dz.U. 2023 poz. 1606)].<\/p>\n<p><strong>Osob\u0105 Zaufan\u0105 powo\u0142an\u0105 do przyjmowania zg\u0142osze\u0144 w przypadku naruszenia standard\u00f3w jest pani Barbara \u017bukowska.<\/strong><\/p>\n<h4 style=\"text-align: center;\"><strong><a href=\"https:\/\/matulewiczpaslek.pl\/wp-content\/uploads\/2024\/08\/standardy_ochrony_w_parafii_matulewicza.pdf\">Zobacz dokument<\/a><\/strong><\/h4>\n","protected":false},"excerpt":{"rendered":"<p>Zamieszczony dokument stanowi realizacj\u0119 obowi\u0105zku prawnego dotycz\u0105cego wprowadzenia we wszelkich instytucjach, w kt\u00f3rych przebywaj\u0105 dzieci, standard\u00f3w ich ochrony przed krzywdzeniem [Ustawa z dnia 28 lipca 2023 roku o zmianie ustawy Kodeks rodzinny i opieku\u0144czy oraz niekt\u00f3rych innych ustaw\u00a0(Dz.U. 2023 poz. 1606)]. Osob\u0105 Zaufan\u0105 powo\u0142an\u0105 do przyjmowania zg\u0142osze\u0144 w przypadku naruszenia standard\u00f3w jest pani Barbara \u017bukowska. Zobacz dokument<\/p>\n","protected":false},"author":1,"featured_media":4017,"comment_status":"closed","ping_status":"closed","sticky":false,"template":"","format":"standard","meta":{"footnotes":"","_links_to":"","_links_to_target":""},"categories":[69,67],"tags":[],"class_list":["post-4016","post","type-post","status-publish","format-standard","has-post-thumbnail","hentry","category-parafia","category-wydarzenia"],"_links":{"self":[{"href":"https:\/\/matulewiczpaslek.pl\/index.php\/wp-json\/wp\/v2\/posts\/4016","targetHints":{"allow":["GET"]}}],"collection":[{"href":"https:\/\/matulewiczpaslek.pl\/index.php\/wp-json\/wp\/v2\/posts"}],"about":[{"href":"https:\/\/matulewiczpaslek.pl\/index.php\/wp-json\/wp\/v2\/types\/post"}],"author":[{"embeddable":true,"href":"https:\/\/matulewiczpaslek.pl\/index.php\/wp-json\/wp\/v2\/users\/1"}],"replies":[{"embeddable":true,"href":"https:\/\/matulewiczpaslek.pl\/index.php\/wp-json\/wp\/v2\/comments?post=4016"}],"version-history":[{"count":1,"href":"https:\/\/matulewiczpaslek.pl\/index.php\/wp-json\/wp\/v2\/posts\/4016\/revisions"}],"predecessor-version":[{"id":4018,"href":"https:\/\/matulewiczpaslek.pl\/index.php\/wp-json\/wp\/v2\/posts\/4016\/revisions\/4018"}],"wp:featuredmedia":[{"embeddable":true,"href":"https:\/\/matulewiczpaslek.pl\/index.php\/wp-json\/wp\/v2\/media\/4017"}],"wp:attachment":[{"href":"https:\/\/matulewiczpaslek.pl\/index.php\/wp-json\/wp\/v2\/media?parent=4016"}],"wp:term":[{"taxonomy":"category","embeddable":true,"href":"https:\/\/matulewiczpaslek.pl\/index.php\/wp-json\/wp\/v2\/categories?post=4016"},{"taxonomy":"post_tag","embeddable":true,"href":"https:\/\/matulewiczpaslek.pl\/index.php\/wp-json\/wp\/v2\/tags?post=4016"}],"curies":[{"name":"wp","href":"https:\/\/api.w.org\/{rel}","templated":true}]}}